[{"@context":"https:\/\/schema.org\/","@type":"Article","@id":"https:\/\/www.sieme.cz\/cim-ozivit-zahradni-prostor\/#Article","mainEntityOfPage":"https:\/\/www.sieme.cz\/cim-ozivit-zahradni-prostor\/","headline":"\u010c\u00edm o\u017eivit zahradn\u00ed prostor?","name":"\u010c\u00edm o\u017eivit zahradn\u00ed prostor?","description":"Dob\u0159e vy\u0159e\u0161it malou zahradu je velkou v\u00fdzvou pro jejich majitele. Ale i tento prostor se d\u00e1 pojat\u00a0esteticky a z\u00fatulnit pro tr\u00e1ven\u00e9 voln\u00e9ho \u010dasu v n\u011bm. Klidn\u00e9 zenov\u00e9 prost\u0159ed\u00ed je mo\u017en\u00e9 vytvo\u0159it i v p\u0159\u00edpad\u011b, \u017ee kolem domu vede jenom \u00fazk\u00fd pruh zelen\u011b, do kter\u00e9ho lze um\u00edstit betonov\u00e9\u00a0 akcenty, se sm\u011bs\u00ed p\u0159\u00edrodn\u00edch textur. Dopln\u011bn\u00fdch n\u011bkolika vysok\u00fdmi [&hellip;]","datePublished":"2023-06-28","dateModified":"2024-06-04","author":{"@type":"Person","@id":"https:\/\/www.sieme.cz\/author\/#Person","name":"","url":"https:\/\/www.sieme.cz\/author\/","identifier":1,"image":{"@type":"ImageObject","@id":"https:\/\/secure.gravatar.com\/avatar\/03ef97ef22d1b0d07a8e6c50d88cc1823592c58a091286b466bcec36e31eaab2?s=96&d=mm&r=g","url":"https:\/\/secure.gravatar.com\/avatar\/03ef97ef22d1b0d07a8e6c50d88cc1823592c58a091286b466bcec36e31eaab2?s=96&d=mm&r=g","height":96,"width":96}},"publisher":{"@type":"Organization","name":"sieme.cz","logo":{"@type":"ImageObject","@id":"\/logo.png","url":"\/logo.png","width":600,"height":60}},"image":{"@type":"ImageObject","@id":"https:\/\/www.sieme.cz\/wp-content\/uploads\/spring-flowers-110671_640_2.jpg","url":"https:\/\/www.sieme.cz\/wp-content\/uploads\/spring-flowers-110671_640_2.jpg","height":0,"width":0},"url":"https:\/\/www.sieme.cz\/cim-ozivit-zahradni-prostor\/","about":["Zahrada a d\u016fm"],"wordCount":435,"articleBody":"Dob\u0159e vy\u0159e\u0161it malou zahradu je velkou v\u00fdzvou pro jejich majitele. Ale i tento prostor se d\u00e1 pojat\u00a0esteticky a z\u00fatulnit pro tr\u00e1ven\u00e9 voln\u00e9ho \u010dasu v n\u011bm. Klidn\u00e9 zenov\u00e9 prost\u0159ed\u00ed je mo\u017en\u00e9 vytvo\u0159it i v p\u0159\u00edpad\u011b, \u017ee kolem domu vede jenom \u00fazk\u00fd pruh zelen\u011b, do kter\u00e9ho lze um\u00edstit betonov\u00e9\u00a0 akcenty, se sm\u011bs\u00ed p\u0159\u00edrodn\u00edch textur. Dopln\u011bn\u00fdch n\u011bkolika vysok\u00fdmi rostlinami.\u00a0\u0158e\u0161en\u00ed se najde i\u00a0tam, kde je pro v\u00fdsadbu omezen\u00fd prostor a okol\u00ed\u00a0domu tvo\u0159\u00ed z\u00e1rove\u0148 i chodn\u00edk. Kouzelnou zahradn\u00ed cestu lze na n\u011bm vytvo\u0159it pomoc\u00ed sady n\u00e1\u0161lapn\u00fdch kamen\u016f, kter\u00fdmi se vytvo\u0159\u00ed dva samostatn\u00e9 pruhy pln\u00e9 zelen\u011b. Rozd\u011blen\u00fd\u00a0prostor lze doplnit cihlov\u00fdmi obrubn\u00edky.V mal\u00fdch zahrad\u00e1ch je nutn\u00e9 udr\u017eovat \u010dist\u00e9 linie. Kter\u00fdmi se dan\u00fd prostor opticky roz\u0161\u00ed\u0159\u00ed. Dob\u0159e k tomu slou\u017e\u00ed tmav\u00fd mul\u010d. Kter\u00fd ohrani\u010d\u00ed kv\u011btinov\u00e9 z\u00e1hony a p\u0159id\u00e1 jim je\u0161t\u011b v\u00edce na kr\u00e1se. Dvorek s takov\u00fdm \u0159e\u0161en\u00edm, kter\u00e9mu centr\u00e1ln\u00ed prostor umo\u017en\u00ed v\u00fdsadbu tr\u00e1vn\u00edku, na kter\u00e9m je mo\u017en\u00e9 um\u00edstit zahradn\u00ed posezen\u00ed s nezbytn\u00fdm vybaven\u00edm. V p\u0159\u00edpad\u011b, \u017ee je pro m\u00edsto k sezen\u00ed m\u00e1lo m\u00edsta, chytr\u00fdm \u0159e\u0161en\u00edm je vyv\u00fd\u0161en\u00e1 lavi\u010dka. A pod n\u00ed lze zasadit rostliny, kter\u00e9 maj\u00ed r\u00e1dy st\u00edn. Na vn\u011bj\u0161\u00ed\u00a0stran\u011b domu lze zase um\u00edstit \u0159ady n\u00e1st\u011bnn\u00fdch kv\u011btin\u00e1\u010d\u016f, kter\u00e9 zase pot\u0159ebuj\u00ed ke sv\u00e9mu r\u016fstu slune\u010dn\u00ed paprsky. Barevnost\u00ed sv\u00fdch kv\u011bt\u016f pot\u00e9 vytv\u00e1\u0159\u00ed pot\u0159ebnou atmosf\u00e9ru.Dobr\u00fdm \u0159e\u0161en\u00edm mal\u00e9 zahrady je vytvo\u0159en\u00ed v\u00edce \u00farovn\u00ed, kter\u00fdmi lze propojit mal\u00fd kousek tr\u00e1vn\u00edku, oblo\u017een\u00e9ho kamenn\u00fdmi kostkami, \u0161kv\u00e1rov\u00fdmi bloky a kv\u011btin\u00e1\u010di, se vzrostl\u00fdmi palmami. \u010c\u00edm\u017e se r\u00e1zem zahrada prom\u011bn\u00ed v tropickou. S n\u00e1dhernou letn\u00ed atmosf\u00e9rou, pokud je prostor dopln\u011bn malou font\u00e1nkou. Kter\u00e1 vnese do prostoru osv\u011b\u017euj\u00edc\u00ed vlhkost. P\u0159irozen\u011b\u00a0a z\u00e1rove\u0148 hodn\u011b p\u016fsobiv\u011b zaz\u00e1\u0159\u00ed v mal\u00fdch zahrad\u00e1ch skalky. Kter\u00e9 jsou os\u00e1zeny plnobarevn\u00fdmi kv\u011bty. A rozkv\u00e9taj\u00ed pr\u016fb\u011b\u017en\u011b celou letn\u00ed sezonu. Tohoto efektu lze u\u017e\u00edt i um\u00edst\u011bn\u00edm vertik\u00e1ln\u00edch n\u00e1dob pod\u00e9l domu a os\u00e1zet je jak kv\u011btinami, tak i zeleninou. Rovn\u011b\u017e na jeho venkovn\u00edm zdivu \u00a0lze vyp\u011bstovat pop\u00ednav\u00e9 rostliny, kter\u00e9 ho svou zelen\u00ed okr\u00e1\u0161l\u00ed.                                                                                                                                                                                                                                                                                                                                                                                        4.2\/5 - (10 votes)        "},{"@context":"https:\/\/schema.org\/","@type":"BreadcrumbList","itemListElement":[{"@type":"ListItem","position":1,"name":"\u010c\u00edm o\u017eivit zahradn\u00ed prostor?","item":"https:\/\/www.sieme.cz\/cim-ozivit-zahradni-prostor\/#breadcrumbitem"}]}]