[{"@context":"https:\/\/schema.org\/","@type":"Article","@id":"https:\/\/www.sieme.cz\/jezdi-i-ti-bez-auta\/#Article","mainEntityOfPage":"https:\/\/www.sieme.cz\/jezdi-i-ti-bez-auta\/","headline":"Jezd\u00ed i ti bez auta","name":"Jezd\u00ed i ti bez auta","description":"Vid\u011bli jste n\u011bkdy n\u011bkoho dosp\u011bl\u00e9ho jezdit autem? Mysl\u00edm si, ba jsem si jist, \u017ee ano. A vid\u011bli jste jezdit autem n\u011bkoho, kdo \u017e\u00e1dn\u00e9 auto nem\u00e1? Pokud ano, pak jste p\u0159esv\u011bd\u010deni o tom, \u017ee to bylo jedin\u011b ve snu nebo v imagin\u00e1rn\u00edch p\u0159edstav\u00e1ch, p\u0159\u00edpadn\u011b \u017ee jste vid\u011bli jen n\u011bjak\u00e9 d\u00edt\u011b hraj\u00edc\u00ed si na podobnou j\u00edzdu. Ale [&hellip;]","datePublished":"2024-08-23","dateModified":"2024-08-23","author":{"@type":"Person","@id":"https:\/\/www.sieme.cz\/author\/#Person","name":"","url":"https:\/\/www.sieme.cz\/author\/","identifier":1,"image":{"@type":"ImageObject","@id":"https:\/\/secure.gravatar.com\/avatar\/03ef97ef22d1b0d07a8e6c50d88cc1823592c58a091286b466bcec36e31eaab2?s=96&d=mm&r=g","url":"https:\/\/secure.gravatar.com\/avatar\/03ef97ef22d1b0d07a8e6c50d88cc1823592c58a091286b466bcec36e31eaab2?s=96&d=mm&r=g","height":96,"width":96}},"publisher":{"@type":"Organization","name":"sieme.cz","logo":{"@type":"ImageObject","@id":"\/logo.png","url":"\/logo.png","width":600,"height":60}},"image":{"@type":"ImageObject","@id":"https:\/\/www.sieme.cz\/wp-content\/uploads\/aaaaa_10_2.jpg","url":"https:\/\/www.sieme.cz\/wp-content\/uploads\/aaaaa_10_2.jpg","height":0,"width":0},"url":"https:\/\/www.sieme.cz\/jezdi-i-ti-bez-auta\/","about":["Slu\u017eby"],"wordCount":451,"articleBody":"   Vid\u011bli jste n\u011bkdy n\u011bkoho dosp\u011bl\u00e9ho jezdit autem? Mysl\u00edm si, ba jsem si jist, \u017ee ano. A vid\u011bli jste jezdit autem n\u011bkoho, kdo \u017e\u00e1dn\u00e9 auto nem\u00e1? Pokud ano, pak jste p\u0159esv\u011bd\u010deni o tom, \u017ee to bylo jedin\u011b ve snu nebo v imagin\u00e1rn\u00edch p\u0159edstav\u00e1ch, p\u0159\u00edpadn\u011b \u017ee jste vid\u011bli jen n\u011bjak\u00e9 d\u00edt\u011b hraj\u00edc\u00ed si na podobnou j\u00edzdu. Ale ve skute\u010dnosti jezd\u00ed auty i lid\u00e9, kte\u0159\u00ed je nemaj\u00ed, a to a\u0165 u\u017e do\u010dasn\u011b nebo trvale. Auty toti\u017e u n\u00e1s m\u016f\u017ee jezdit kdokoliv. Chce to m\u00edt \u0159idi\u010dsk\u00fd pr\u016fkaz a nen\u00ed probl\u00e9m se v n\u011b\u010dem povozit, a to i tehdy, kdy\u017e si \u010dlov\u011bk z jak\u00e9hokoliv d\u016fvodu nepo\u0159\u00edd\u00ed sv\u00e9 vozidlo. Auta si toti\u017e nemus\u00edme jenom kupovat. Ta si m\u016f\u017eeme i p\u016fj\u010dovat. A to i v p\u016fj\u010dovn\u00e1ch, nejen od p\u0159\u00edbuzn\u00fdch nebo zn\u00e1m\u00fdch.Vezm\u011bte si nap\u0159\u00edklad, co obn\u00e1\u0161\u00ed takov\u00e1 p\u016fj\u010dovna aut Praha 9. Kdy\u017e z jak\u00e9hokoliv d\u016fvodu nem\u00e1te vlastn\u00ed auto, m\u016f\u017eete se vydat t\u0159eba sem, a to s jistotou, \u017ee v\u00e1m tu daj\u00ed k dispozici skute\u010dn\u011b kvalitn\u00ed v\u016fz. Proto\u017ee tu jsou pr\u00e1v\u011b od toho, aby ve\u0159ejnosti pom\u00e1hali s touto z\u00e1le\u017eitost\u00ed. A nepom\u00e1haj\u00ed rozhodn\u011b kr\u00e1tce, na na\u0161em trhu p\u016fsob\u00ed u\u017e cel\u00fdch v\u00edce ne\u017e p\u011btadvacet let.Tady tedy najdou \u0159e\u0161en\u00ed sv\u00e9 pot\u0159eby n\u011bkam jet v\u0161ichni, kdo pot\u0159ebuj\u00ed vozidlo pouze po omezenou dobu, kv\u016fli kter\u00e9 se jim nevyplat\u00ed si ho kupovat. A zrovna tak tu usp\u011bj\u00ed i ti, kdo t\u0159eba maj\u00ed auto n\u011bkde v servisu nebo ho n\u011bkomu p\u016fj\u010dili, majitel\u00e9 pr\u00e1v\u011b te\u010f nepoj\u00edzdn\u00e9ho auta a podobn\u011b.Prost\u011b si tu sta\u010d\u00ed auto p\u016fj\u010dit a vyrazit s n\u00edm na cesty. Co\u017e nevy\u017eaduje \u017e\u00e1dnou zvl\u00e1\u0161tn\u00ed n\u00e1mahu, proto\u017ee od toho, aby tu bylo v\u0161echno dokonal\u00e9, jsou tu pr\u00e1v\u011b majitel\u00e9 t\u00e9to p\u016fj\u010dovny, tedy Autop\u016fj\u010dovny Milan. Ti zajist\u00ed sv\u00fdm z\u00e1kazn\u00edk\u016fm v\u0161echno, co je k u\u017e\u00edv\u00e1n\u00ed jejich aut pot\u0159eba, a to je potom tak pohodln\u00e9! Pro kdekoho je to tak rozumn\u00e1 volba, \u017ee ani nepom\u00fd\u0161l\u00ed na to, \u017ee by si n\u011bkdy tak\u00e9 n\u011bjak\u00e9 to auto po\u0159\u00eddil. A stejn\u011b dob\u0159e tu m\u016f\u017eete dopadnout i vy, proto\u017ee se v t\u00e9to p\u016fj\u010dovn\u011b \u0161kodovek a Ford\u016f t\u011b\u0161\u00ed logicky i na va\u0161i n\u00e1v\u0161t\u011bvu.                                                                                                                                                                                                                                                                                                                                                                                           4.4\/5 - (9 votes)        "},{"@context":"https:\/\/schema.org\/","@type":"BreadcrumbList","itemListElement":[{"@type":"ListItem","position":1,"name":"Jezd\u00ed i ti bez auta","item":"https:\/\/www.sieme.cz\/jezdi-i-ti-bez-auta\/#breadcrumbitem"}]}]