[{"@context":"https:\/\/schema.org\/","@type":"Article","@id":"https:\/\/www.sieme.cz\/jsem-rada-zena\/#Article","mainEntityOfPage":"https:\/\/www.sieme.cz\/jsem-rada-zena\/","headline":"Jsem r\u00e1da \u017eena","name":"Jsem r\u00e1da \u017eena","description":"Jsem r\u00e1da, \u017ee jsem \u017eena, proto\u017ee takhle, kdy\u017e vid\u00edm mu\u017ee, \u017ee n\u011bkdy to maj\u00ed opravdu v \u017eivot\u011b t\u011b\u017ek\u00e9, tak se mi chce n\u011bkdy z toho \u00fapln\u011b bre\u010det. \u0158ekla jsem si, \u017ee kdybych nebyla \u017eena a byla mu\u017e, tak vlastn\u011b ani nev\u00edm, co bych d\u011blala. Jenom\u017ee j\u00e1 si mysl\u00edm, \u017ee asi \u017e\u00e1dn\u00fd \u010dlov\u011bk si vlastn\u011b nedok\u00e1\u017ee [&hellip;]","datePublished":"2024-06-30","dateModified":"2024-06-30","author":{"@type":"Person","@id":"https:\/\/www.sieme.cz\/author\/#Person","name":"","url":"https:\/\/www.sieme.cz\/author\/","identifier":1,"image":{"@type":"ImageObject","@id":"https:\/\/secure.gravatar.com\/avatar\/03ef97ef22d1b0d07a8e6c50d88cc1823592c58a091286b466bcec36e31eaab2?s=96&d=mm&r=g","url":"https:\/\/secure.gravatar.com\/avatar\/03ef97ef22d1b0d07a8e6c50d88cc1823592c58a091286b466bcec36e31eaab2?s=96&d=mm&r=g","height":96,"width":96}},"publisher":{"@type":"Organization","name":"sieme.cz","logo":{"@type":"ImageObject","@id":"\/logo.png","url":"\/logo.png","width":600,"height":60}},"image":{"@type":"ImageObject","@id":"https:\/\/www.sieme.cz\/wp-content\/uploads\/girl-2739674_1280.jpg","url":"https:\/\/www.sieme.cz\/wp-content\/uploads\/girl-2739674_1280.jpg","height":0,"width":0},"url":"https:\/\/www.sieme.cz\/jsem-rada-zena\/","about":["\u017dena"],"wordCount":474,"articleBody":"Jsem r\u00e1da, \u017ee jsem \u017eena, proto\u017ee takhle, kdy\u017e vid\u00edm mu\u017ee, \u017ee n\u011bkdy to maj\u00ed opravdu v \u017eivot\u011b t\u011b\u017ek\u00e9, tak se mi chce n\u011bkdy z toho \u00fapln\u011b bre\u010det. \u0158ekla jsem si, \u017ee kdybych nebyla \u017eena a byla mu\u017e, tak vlastn\u011b ani nev\u00edm, co bych d\u011blala. Jenom\u017ee j\u00e1 si mysl\u00edm, \u017ee asi \u017e\u00e1dn\u00fd \u010dlov\u011bk si vlastn\u011b nedok\u00e1\u017ee p\u0159edstavit to, kdyby vlastn\u011b m\u011bl opa\u010dn\u00e9 pohlav\u00ed, ale v dne\u0161n\u00ed dob\u011b u\u017e v\u00edme, \u017ee vlastn\u011b na tom ani tak nez\u00e1le\u017e\u00ed v dne\u0161n\u00ed dob\u011b. Kdy\u017e se mu\u017e c\u00edt\u00ed jako \u017eena a \u017eena jako mu\u017e, tak vlastn\u011b to u\u017e je br\u00e1no \u00fapln\u011b jako standard. Nev\u00edm jak vy, ale m\u011b je t\u0159icet p\u011bt let a j\u00e1 jsem sp\u00ed\u0161e na takov\u00e9 ty zastaral\u00e9 typy, kdy mu\u017e chod\u00ed do pr\u00e1ce a \u017eena je norm\u00e1ln\u011b doma.Nap\u0159\u00edklad m\u011b, jak jsem zm\u00ednila, je p\u011btat\u0159icet let a moc r\u00e1da va\u0159\u00edm a ukl\u00edz\u00edm, star\u00e1m se o d\u011bti a v\u016fbec mi nevad\u00ed, \u017ee m\u016fj man\u017eel se t\u0159eba vrac\u00ed z pr\u00e1ce n\u011bjak pozd\u011b dom\u016f. Tohle m\u011b \u00fapln\u011b vyhovuje a jsem r\u00e1da, \u017ee i m\u016fj partner, kter\u00fd je vlastn\u011b m\u016fj man\u017eel, tak\u00e9 zast\u00e1v\u00e1 takov\u00e9 n\u00e1zory jako m\u00e1m j\u00e1. Takov\u00e9 sp\u00ed\u0161e ty zastaral\u00e9 n\u00e1zory. T\u0159eba hodn\u011b lid\u00ed se mi sm\u011bje a nebo \u0159\u00edk\u00e1, \u017ee jsem t\u0159eba takov\u00e1 u\u0161l\u00e1pnut\u00e1 slepice. Jenom\u017ee podle m\u00e9ho n\u00e1zoru tohle nen\u00ed v\u016fbec pravda, proto\u017ee j\u00e1 jsem si to vybrala a taky mi to tak vyhovuje. Tak\u017ee si mysl\u00edm, \u017ee kdy\u017e to takhle vyhovuje ob\u011bma partner\u016fm, ob\u011bma lidem, jak mu\u017ei i \u017een\u011b, tak vlastn\u011b na tom absolutn\u011b nevid\u00edm v\u016fbec nic \u0161patn\u00e9ho.Podle m\u00e9ho n\u00e1zoru je nejlep\u0161\u00ed, v\u017edycky to, kdy\u017e se to mu\u017ei a \u017een\u011b l\u00edb\u00ed, kdy\u017e je jednodu\u0161e n\u011bjak\u00fd p\u00e1r, vlastn\u011b to nemus\u00ed b\u00fdt mu\u017e a \u017eena. M\u016f\u017ee to b\u00fdt \u017eena a \u017eena a nebo mu\u017e a mu\u017e. V dne\u0161n\u00ed dob\u011b u\u017e je mo\u017en\u00e9 cokoliv a m\u011b tohle v\u016fbec nevad\u00ed a ka\u017ed\u00e9ho toleruji a respektuji. V\u016fbec nem\u00e1m nic proti nikomu a jsem r\u00e1da, \u017ee jsem \u017eena a ta tak\u00e9 hlavn\u011b v tom p\u0159\u00edpad\u011b, \u017ee vlastn\u011b mohu porodit d\u00edt\u011b, mohu sv\u00e9 d\u00edt\u011b nosit pod srdcem, jsem matka t\u0159\u00ed d\u011bt\u00ed a jsem opravdu r\u00e1da, \u017ee m\u00e1m t\u0159i d\u011bti. I kdy\u017e d\u0159\u00edve jsem cht\u011bla v\u017edycky jenom jedno d\u00edt\u011b, ale jsem r\u00e1da, \u017ee m\u00e1m nakonec t\u0159i. V\u017edycky jsem tou\u017eila po velik\u00e9 rodin\u011b.\u00a0                                                                                                                                                                                                                                                                                                                                                                                        4.1\/5 - (7 votes)        "},{"@context":"https:\/\/schema.org\/","@type":"BreadcrumbList","itemListElement":[{"@type":"ListItem","position":1,"name":"Jsem r\u00e1da \u017eena","item":"https:\/\/www.sieme.cz\/jsem-rada-zena\/#breadcrumbitem"}]}]