[{"@context":"https:\/\/schema.org\/","@type":"Article","@id":"https:\/\/www.sieme.cz\/koronavirova-krize\/#Article","mainEntityOfPage":"https:\/\/www.sieme.cz\/koronavirova-krize\/","headline":"Koronavirov\u00e1 krize","name":"Koronavirov\u00e1 krize","description":"Vzpom\u00edn\u00e1te si je\u0161t\u011b na tu dobu, kdy byla koronavirov\u00e1 krize, kdy lid\u00e9 v\u016fbec nemohli chodit ven, ani\u017e by m\u011bli rou\u0161ku? Tak\u00e9 jednu dobu byla takov\u00e1 krize, \u017ee lid\u00e9 nemohli chodit ven, ani kdy\u017e m\u011bli rou\u0161ky, pr\u00fd mohli jenom vyven\u010dit psa a tak podobn\u011b. Z tohohle se mi v\u017edycky \u00fapln\u011b zved\u00e1 \u017ealudek, proto\u017ee nikdy jsme si [&hellip;]","datePublished":"2024-10-19","dateModified":"2024-10-19","author":{"@type":"Person","@id":"https:\/\/www.sieme.cz\/author\/#Person","name":"","url":"https:\/\/www.sieme.cz\/author\/","identifier":1,"image":{"@type":"ImageObject","@id":"https:\/\/secure.gravatar.com\/avatar\/03ef97ef22d1b0d07a8e6c50d88cc1823592c58a091286b466bcec36e31eaab2?s=96&d=mm&r=g","url":"https:\/\/secure.gravatar.com\/avatar\/03ef97ef22d1b0d07a8e6c50d88cc1823592c58a091286b466bcec36e31eaab2?s=96&d=mm&r=g","height":96,"width":96}},"publisher":{"@type":"Organization","name":"sieme.cz","logo":{"@type":"ImageObject","@id":"\/logo.png","url":"\/logo.png","width":600,"height":60}},"image":{"@type":"ImageObject","@id":"https:\/\/www.sieme.cz\/wp-content\/uploads\/health-621356_1280_4.jpg","url":"https:\/\/www.sieme.cz\/wp-content\/uploads\/health-621356_1280_4.jpg","height":0,"width":0},"url":"https:\/\/www.sieme.cz\/koronavirova-krize\/","about":["V\u00fdrobky"],"wordCount":410,"articleBody":"       Vzpom\u00edn\u00e1te si je\u0161t\u011b na tu dobu, kdy byla koronavirov\u00e1 krize, kdy lid\u00e9 v\u016fbec nemohli chodit ven, ani\u017e by m\u011bli rou\u0161ku? Tak\u00e9 jednu dobu byla takov\u00e1 krize, \u017ee lid\u00e9 nemohli chodit ven, ani kdy\u017e m\u011bli rou\u0161ky, pr\u00fd mohli jenom vyven\u010dit psa a tak podobn\u011b. Z tohohle se mi v\u017edycky \u00fapln\u011b zved\u00e1 \u017ealudek, proto\u017ee nikdy jsme si nedok\u00e1zali p\u0159edstavit, \u017ee bych byla t\u0159eba m\u011bs\u00edc doma a nebudu moci sportovat nebo chodit do pr\u00e1ce anebo do \u0161koly, proto\u017ee jsem v t\u00e9 dob\u011b je\u0161t\u011b studovala a chodila na brig\u00e1du a moje maminka i m\u016fj partner chodili pr\u00e1v\u011b do pr\u00e1ce a tak\u00e9 si v\u016fbec nedok\u00e1zali p\u0159edstavit, \u017ee budou kv\u016fli koronaviru doma.Potom tak\u00e9 se za\u010dali nosit rou\u0161ky a potom tak\u00e9 se prod\u00e1valy ty antigenn\u00ed testy. A pr\u00e1v\u011b ur\u010dovaly to, jestli m\u00e1te koronavirus anebo nem\u00e1te. M\u011bli byste tak\u00e9 doma n\u011bkdy antigenn\u00ed test? Zkou\u0161eli jste antigenn\u00ed test? Antigenn\u00ed testy se\u017eenete na internetu anebo tak\u00e9 u\u017e v l\u00e9k\u00e1rn\u00e1ch. D\u0159\u00edve byly antigenn\u00ed testy opravdu hodn\u011b drah\u00e9, ale pozd\u011bji, kdy\u017e u\u017e tohle n\u011bjak vl\u00e1da schv\u00e1lila, tak pr\u00e1v\u011b antigenn\u00ed testy se prod\u00e1valy velice levn\u011b. Docela hodn\u011b m\u011b to p\u0159ekvapilo, v\u016fbec bych netu\u0161ila, \u017ee vlastn\u011b n\u011bkter\u00e9 v\u011bci, kter\u00e9 jsou vlastn\u011b pot\u0159eba skoro ka\u017ed\u00fd den, jako nap\u0159\u00edklad antigenn\u00ed testy v t\u00e9 dob\u011b, kdy byl koronavirus, \u017ee to byl takhle levn\u00e9, potom tak\u00e9 oni n\u011bjak mysl\u00edm, \u017ee sn\u00ed\u017eili DPH. Mysl\u00edm si, \u017ee to bylo pr\u00e1v\u011b na ty rou\u0161ky. V dne\u0161n\u00ed dob\u011b se tak\u00e9 st\u00e1le nos\u00ed rou\u0161ky a st\u00e1le se prod\u00e1vaj\u00ed tak\u00e9 antigenn\u00ed testy. Mysl\u00edm si, \u017ee tohle je skv\u011bl\u00e9, proto\u017ee j\u00e1, kdybych n\u011bkam m\u011bla j\u00edt, t\u0159eba na n\u011bjak\u00fd koncert, kde je opravdu hodn\u011b lid\u00ed, tak bych tak\u00e9 potom po tomto koncertu si ud\u011blala n\u011bjak\u00fd antigenn\u00ed test. Bude to lep\u0161\u00ed, proto\u017ee aspo\u0148 budete v\u011bd\u011bt, jestli jste nemocn\u00ed anebo nejste. A nyn\u00ed bych je\u0161t\u011b cht\u011bla zm\u00ednit, \u017ee koronavirus je u\u017e br\u00e1n jako klasick\u00e1 ch\u0159ipka, jako klasick\u00e1 nemoc, tak\u017ee u\u017e nemus\u00edte b\u00fdt v n\u011bjak\u00e9 karant\u00e9n\u011b. A to se mi pr\u00e1v\u011b na tomhle l\u00edb\u00ed.                                                                                                                                                                                                                                                                                                                                                                                           3.7\/5 - (8 votes)        "},{"@context":"https:\/\/schema.org\/","@type":"BreadcrumbList","itemListElement":[{"@type":"ListItem","position":1,"name":"Koronavirov\u00e1 krize","item":"https:\/\/www.sieme.cz\/koronavirova-krize\/#breadcrumbitem"}]}]