[{"@context":"https:\/\/schema.org\/","@type":"Article","@id":"https:\/\/www.sieme.cz\/skolstvi-kdysi-a-dnes\/#Article","mainEntityOfPage":"https:\/\/www.sieme.cz\/skolstvi-kdysi-a-dnes\/","headline":"\u0160kolstv\u00ed kdysi a dnes","name":"\u0160kolstv\u00ed kdysi a dnes","description":"Kdy\u017e jsme my chodili do \u0161koly, bylo tu mnoh\u00e9 docela jin\u00e9 ne\u017e dnes. V\u00a0n\u011b\u010dem lep\u0161\u00ed, v\u00a0n\u011b\u010dem hor\u0161\u00ed, to podle toho, jak to kdo vn\u00edm\u00e1. Na z\u00e1kladn\u00ed \u0161kole jsme se neu\u010dili povinn\u011b angli\u010dtinu jako dnes, n\u00fdbr\u017e ru\u0161tinu. Inu, Sov\u011btsk\u00fd svaz byl ofici\u00e1ln\u011b na\u0161\u00edm velk\u00fdm p\u0159\u00edtelem a my jsme mu t\u00edmto museli projevovat vd\u011bk. A u\u010dili jsme [&hellip;]","datePublished":"2023-12-08","dateModified":"2023-12-08","author":{"@type":"Person","@id":"https:\/\/www.sieme.cz\/author\/#Person","name":"","url":"https:\/\/www.sieme.cz\/author\/","identifier":1,"image":{"@type":"ImageObject","@id":"https:\/\/secure.gravatar.com\/avatar\/03ef97ef22d1b0d07a8e6c50d88cc1823592c58a091286b466bcec36e31eaab2?s=96&d=mm&r=g","url":"https:\/\/secure.gravatar.com\/avatar\/03ef97ef22d1b0d07a8e6c50d88cc1823592c58a091286b466bcec36e31eaab2?s=96&d=mm&r=g","height":96,"width":96}},"publisher":{"@type":"Organization","name":"sieme.cz","logo":{"@type":"ImageObject","@id":"\/logo.png","url":"\/logo.png","width":600,"height":60}},"image":{"@type":"ImageObject","@id":"https:\/\/www.sieme.cz\/wp-content\/uploads\/%C5%A1_5.jpg","url":"https:\/\/www.sieme.cz\/wp-content\/uploads\/%C5%A1_5.jpg","height":0,"width":0},"url":"https:\/\/www.sieme.cz\/skolstvi-kdysi-a-dnes\/","about":["Vzd\u011bl\u00e1n\u00ed"],"wordCount":510,"articleBody":"Kdy\u017e jsme my chodili do \u0161koly, bylo tu mnoh\u00e9 docela jin\u00e9 ne\u017e dnes. V\u00a0n\u011b\u010dem lep\u0161\u00ed, v\u00a0n\u011b\u010dem hor\u0161\u00ed, to podle toho, jak to kdo vn\u00edm\u00e1.Na z\u00e1kladn\u00ed \u0161kole jsme se neu\u010dili povinn\u011b angli\u010dtinu jako dnes, n\u00fdbr\u017e ru\u0161tinu. Inu, Sov\u011btsk\u00fd svaz byl ofici\u00e1ln\u011b na\u0161\u00edm velk\u00fdm p\u0159\u00edtelem a my jsme mu t\u00edmto museli projevovat vd\u011bk. A u\u010dili jsme se pochopiteln\u011b nejen tuto \u0159e\u010d, kterou v\u011bt\u0161ina z\u00a0n\u00e1s nikdy v\u00a0praxi nepou\u017eila a \u010dasem ji zase zapomn\u011bla, ale t\u0159eba i jm\u00e9na ministr\u016f na\u0161\u00ed vl\u00e1dy. Co\u017e pr\u00fd m\u011blo smysl, proto\u017ee se tito obm\u011b\u0148ovali jen velice z\u0159\u00eddka, vesm\u011bs jen kdy\u017e n\u011bkdo z\u00a0nich um\u0159el. Prost\u011b \u0161lo hlavn\u011b o \u201analejv\u00e1rnu\u2018 spojenou s\u00a0notnou d\u00e1vkou ideologie. Na v\u0161ech z\u00e1kladn\u00edch \u0161kol\u00e1ch se povinn\u011b u\u010dilo tot\u00e9\u017e, co\u017e n\u00e1m d\u00e1valo podobn\u00e9 podm\u00ednky p\u0159ed p\u0159ij\u00edmac\u00edmi zkou\u0161kami na st\u0159edn\u00ed \u0161koly, a sou\u010dasn\u011b to bylo s\u00edtem, kter\u00e9 u\u017e v\u00a0onom \u00fatl\u00e9m v\u011bku rozhodovalo o tom, kdo se kam dostane. A kdo na to nem\u011bl, byl prost\u011b posl\u00e1n do zvl\u00e1\u0161tn\u00ed \u0161koly. \u017d\u00e1dn\u00ed asistenti a \u00falevy.Na gymn\u00e1zia a p\u00e1r dal\u0161\u00edch elitn\u00edch \u0161kol u\u017e se dostaly jen ty vylo\u017een\u00e9 studijn\u00ed typy. Pr\u016fm\u011br zn\u00e1mek na posledn\u00edm vysv\u011bd\u010den\u00ed ze z\u00e1kladn\u00ed \u0161koly hor\u0161\u00ed ne\u017e 1,5 znamenal skoro jistou ztr\u00e1tu nad\u011bj\u00ed dostat se na gympl, a aby byla nad\u011bje se tam dostat, p\u0159ij\u00edmali rodi\u010de d\u011bt\u00ed \u010dasto p\u0159ed p\u0159ij\u00edmac\u00edmi zkou\u0161kami nejr\u016fzn\u011bj\u0161\u00ed ve\u0159ejn\u00e9 funkce a tla\u010dili n\u00e1s do r\u016fzn\u00fdch sout\u011b\u017e\u00ed, jen abychom m\u011bli lep\u0161\u00ed profil.St\u0159edn\u00ed \u0161koly pak byly dal\u0161\u00ed nalejv\u00e1rnou, kde m\u011blo j\u00edt v\u0161e krom\u011b u\u010den\u00ed stranou. A kdo na to nem\u011bl, kon\u010dil na u\u010dili\u0161t\u00edch, kde se vyu\u010dil n\u011bjak\u00e9mu \u0159emeslu.A po maturit\u011b u\u017e v\u011bt\u0161ina studuj\u00edc\u00edch kon\u010dila. Jenom \u0161est procent \u010cechoslov\u00e1k\u016f m\u011blo tehdy vysokou \u0161kolu, a dostat se na ni a zvl\u00e1dnout ji byl v\u011bt\u0161inou hodn\u011b velk\u00fd z\u00e1p\u0159ah. I kdy\u017e se pochopiteln\u011b na\u0161ly i v\u00fdjimky \u2013 p\u0159ij\u00edmac\u00ed zkou\u0161ky t\u0159eba na pedagogick\u00e9 fakulty byly sice hust\u00fdm s\u00edtem v\u00fdb\u011bru, ale dostal se na n\u011b ka\u017ed\u00fd, kdo je ud\u011blal a m\u011bl sou\u010dasn\u011b to spr\u00e1vn\u00e9 pohlav\u00ed. Co\u017e bylo i m\u00fdm \u0161t\u011bst\u00edm, proto\u017ee kdo v\u00ed, zda bych se tam dostal, kdyby nebylo z\u00e1hodno bojovat proti feminizaci \u0161kolstv\u00ed.Prost\u011b to nebylo jako dnes, kdy se dostane kdekdo na kdejakou \u0161kolu, ani\u017e by se extra sna\u017eil. A kdy tedy na\u0161e \u0161kolstv\u00ed produkuje spousty \u201avzd\u011blanc\u016f\u2018, pro kter\u00e9 nen\u00ed rozumn\u00e9 uplatn\u011bn\u00ed, zat\u00edmco n\u00e1m chyb\u00ed vyu\u010den\u00ed lid\u00e9 schopn\u00ed pracovat rukama.                                                                                                                                                                                                                                                                                                                                                                                        4.3\/5 - (10 votes)        "},{"@context":"https:\/\/schema.org\/","@type":"BreadcrumbList","itemListElement":[{"@type":"ListItem","position":1,"name":"\u0160kolstv\u00ed kdysi a dnes","item":"https:\/\/www.sieme.cz\/skolstvi-kdysi-a-dnes\/#breadcrumbitem"}]}]