[{"@context":"https:\/\/schema.org\/","@type":"Article","@id":"https:\/\/www.sieme.cz\/zahrada-pro-zvirata\/#Article","mainEntityOfPage":"https:\/\/www.sieme.cz\/zahrada-pro-zvirata\/","headline":"Zahrada pro zv\u00ed\u0159ata","name":"Zahrada pro zv\u00ed\u0159ata","description":"Moje maminka \u0159\u00edkala, \u017ee kdy\u017e byla mlad\u00e1, \u017ee u nich doma na vesnici m\u011bli opravdu kr\u00e1snou a velikou zahradu, proto\u017ee jej\u00ed tat\u00ednek, m\u016fj d\u011bde\u010dek choval kr\u00e1l\u00edky. A\u00a0tak pot\u0159ebovali velikou zahradu, kde tak\u00e9 d\u011bda sekal tr\u00e1vu kr\u00e1l\u00edk\u016fm a potom tak\u00e9 su\u0161il seno. Moje maminka mi \u0159\u00edkala, \u017ee zahrada byla opravdu tak velik\u00e1, \u017ee sena na zimu [&hellip;]","datePublished":"2023-12-08","dateModified":"2023-12-08","author":{"@type":"Person","@id":"https:\/\/www.sieme.cz\/author\/#Person","name":"","url":"https:\/\/www.sieme.cz\/author\/","identifier":1,"image":{"@type":"ImageObject","@id":"https:\/\/secure.gravatar.com\/avatar\/03ef97ef22d1b0d07a8e6c50d88cc1823592c58a091286b466bcec36e31eaab2?s=96&d=mm&r=g","url":"https:\/\/secure.gravatar.com\/avatar\/03ef97ef22d1b0d07a8e6c50d88cc1823592c58a091286b466bcec36e31eaab2?s=96&d=mm&r=g","height":96,"width":96}},"publisher":{"@type":"Organization","name":"sieme.cz","logo":{"@type":"ImageObject","@id":"\/logo.png","url":"\/logo.png","width":600,"height":60}},"image":{"@type":"ImageObject","@id":"https:\/\/www.sieme.cz\/wp-content\/uploads\/rabbit-7235754_960_720.jpg","url":"https:\/\/www.sieme.cz\/wp-content\/uploads\/rabbit-7235754_960_720.jpg","height":0,"width":0},"url":"https:\/\/www.sieme.cz\/zahrada-pro-zvirata\/","about":["Zahrada a d\u016fm"],"wordCount":444,"articleBody":"Moje maminka \u0159\u00edkala, \u017ee kdy\u017e byla mlad\u00e1, \u017ee u nich doma na vesnici m\u011bli opravdu kr\u00e1snou a velikou zahradu, proto\u017ee jej\u00ed tat\u00ednek, m\u016fj d\u011bde\u010dek choval kr\u00e1l\u00edky. A\u00a0tak pot\u0159ebovali velikou zahradu, kde tak\u00e9 d\u011bda sekal tr\u00e1vu kr\u00e1l\u00edk\u016fm a potom tak\u00e9 su\u0161il seno. Moje maminka mi \u0159\u00edkala, \u017ee zahrada byla opravdu tak velik\u00e1, \u017ee sena na zimu v\u017edycky m\u011bli opravdu dostatek, \u017ee pr\u00fd\u00a0sta\u010dil jeden\u00a0nebo dva\u00a0m\u011bs\u00edce, kdy sekal d\u011bde\u010dek s babi\u010dkou tr\u00e1vu\u00a0a maminka jim jako d\u00edt\u011b u toho pom\u00e1hala a potom pr\u00fd m\u011bli na celou zimu vystar\u00e1no. Pr\u00fd m\u011bli tolik sena, \u017ee to u\u017e sta\u010dilo i pro dvacet\u00a0kr\u00e1l\u00edk\u016f na celou zimu, tak\u017ee t\u00e9 tr\u00e1vy a tohle sena\u00a0musela b\u00fdt opravdu velik\u00e1 v\u00e1rka. Tak\u00e9 d\u011bde\u010dek \u0159\u00edkal, \u017ee kdy\u017e je\u0161t\u011b chodil pracovat na pole, tak tam taky sb\u00edral kuku\u0159ici. Tohle m\u011bl d\u011bde\u010dek\u00a0v\u0161echno povolen\u00e9. I kdy\u017e mnoho lid\u00ed si myslelo, \u017ee d\u011bde\u010dek to pr\u00fd d\u011bl\u00e1 potaj\u00ed a \u017ee to krade, tak\u017ee d\u011bde\u010dek potom v\u0161em uk\u00e1zal, \u017ee m\u00e1 povolen\u00ed, \u017ee si m\u016f\u017ee br\u00e1t zbytky kuku\u0159ice z pole a br\u00e1t si ji k sob\u011b dom\u016f pro zv\u00ed\u0159ata. Ale abych se vr\u00e1tila zp\u00e1tky k zahrad\u011b. Zn\u00e1m tak\u00e9 n\u011bkter\u00e9 lidi, kte\u0159\u00ed t\u0159eba opravdu maj\u00ed velikou\u00a0zahradu, ale v\u016fbec se o zahradu nestaraj\u00ed. To potom vypad\u00e1 opravdu divn\u011b. Mn\u011b se tohle nel\u00edb\u00ed, proto\u00a0jsem \u0159ekla kamar\u00e1dce, pro\u010d si po\u0159izovala chatu se zahradou, kdy\u017e tam jezd\u00ed jenom, tak p\u00e1rkr\u00e1t za rok.Ona \u0159\u00edkala, \u017ee to m\u00e1 jenom rekrea\u010dn\u011b, jenom\u017ee ona v\u017edycky, kdy\u017e p\u0159ijede na zahradu, tak si posek\u00e1 jenom kousek zahrady, aby se tam dostala, aby se dostala k chat\u011b a potom, aby tam mohla grilovat nebo se opalovat. Ale zbytek zahrady nech\u00e1v\u00e1 \u00fapln\u011b jako prales, zbytek zahrady je \u00fapln\u011b zarostl\u00fd, v\u016fbec nech\u00e1pu, pro\u010d kamar\u00e1dka to takhle m\u00e1.\u00a0J\u00e1 si mysl\u00edm, \u017ee zbyte\u010dn\u011b vyhodila n\u011bkolik tis\u00edc, proto\u017ee kdyby si tohle nepo\u0159izovala\u00a0nebo kdyby si koupila jenom n\u011bjakou malou chatku s malou zahradou, tak by ud\u011blala l\u00e9pe, u\u0161et\u0159ila by pen\u00edze a tak\u00e9 by ur\u010dit\u011b jej\u00ed chata a zahrada vypadaly l\u00e9pe, proto\u017ee takhle to v\u016fbec nesek\u00e1. Kamar\u00e1dce jsem \u0159ekla, jestli si nechce t\u0159eba pozvat n\u011bjak\u00e9ho zahradn\u00edka. Nechce. Nebude utr\u00e1cet.\u00a0                                                                                                                                                                                                                                                                                                                                                                                        4.6\/5 - (5 votes)        "},{"@context":"https:\/\/schema.org\/","@type":"BreadcrumbList","itemListElement":[{"@type":"ListItem","position":1,"name":"Zahrada pro zv\u00ed\u0159ata","item":"https:\/\/www.sieme.cz\/zahrada-pro-zvirata\/#breadcrumbitem"}]}]